{"id":13855,"date":"2026-08-30T18:38:26","date_gmt":"2026-08-30T18:38:26","guid":{"rendered":"https:\/\/24fo.news\/?p=13855"},"modified":"2026-08-30T18:38:27","modified_gmt":"2026-08-30T18:38:27","slug":"kommunalu-roknskapirnir-2025","status":"publish","type":"post","link":"https:\/\/24fo.news\/index.php\/2026\/08\/30\/kommunalu-roknskapirnir-2025\/","title":{"rendered":"Kommunalu roknskapirnir 2025"},"content":{"rendered":"\n<p class=\"wp-block-paragraph\"><a href=\"https:\/\/www.facebook.com\/sharer\/sharer.php?u=https%3A%2F%2Fwww.fmr.fo%2Ffo%2Fkunning%2Ftidindi%2Fkommunalu-roknskapirnir-2025&amp;t=Kommunalu+roknskapirnir+2025\" target=\"_blank\" rel=\"noopener\"><\/a>&nbsp;<a href=\"https:\/\/twitter.com\/share?url=https%3A%2F%2Fwww.fmr.fo%2Ffo%2Fkunning%2Ftidindi%2Fkommunalu-roknskapirnir-2025&amp;text=Kommunalu+roknskapirnir+2025\" target=\"_blank\" rel=\"noopener\"><\/a>&nbsp;<a href=\"http:\/\/www.linkedin.com\/shareArticle?mini=true&amp;url=https%3A%2F%2Fwww.fmr.fo%2Ffo%2Fkunning%2Ftidindi%2Fkommunalu-roknskapirnir-2025&amp;title=Kommunalu+roknskapirnir+2025\" target=\"_blank\" rel=\"noopener\"><\/a>&nbsp;<a href=\"mailto: ?subject=Kommunalu%20roknskapirnir%202025&amp;body=https%3A%2F%2Fwww.fmr.fo%2Ffo%2Fkunning%2Ftidindi%2Fkommunalu-roknskapirnir-2025\"><\/a>&nbsp;<a href=\"javascript:window.print()\"><\/a><\/p>\n\n\n\n<h2 class=\"wp-block-heading\">Samb\u00e6rt kommunust\u00fdrisl\u00f3gini skulu kommunust\u00fdrini hava samtykt, og sent landsst\u00fdrinum\/landsst\u00fdrismanninum \u00ed f\u00edggjarm\u00e1lum, \u00e1rsroknskapin fyri undanfarna \u00e1r innan 1. juni \u00e1ri\u00f0 eftir.<\/h2>\n\n\n\n<p class=\"wp-block-paragraph\">\u00cd hesum sambandi hevur F\u00edggjarm\u00e1lar\u00e1\u00f0i\u00f0 tiki\u00f0 samanum heildargongdina hj\u00e1 kommununum \u00ed 2025.<\/p>\n\n\n\n<p class=\"wp-block-paragraph\">Fr\u00e1grei\u00f0ingin kann lesast ni\u00f0anfyri ella takast ni\u00f0ur sum PDF f\u00edlu&nbsp;<a rel=\"noopener\" href=\"https:\/\/landsstyri.cdn.fo\/savn\/s3tpin2r\/fragreiding-um-kommunalu-roknskapirnar-fyri-2025-fmr-dagfoert-endaliga-21-aug-26.pdf?s=xm8WlK-rwaplPxHDmcRMHFCjg90\" target=\"_blank\">her.<\/a><\/p>\n\n\n\n<h2 class=\"wp-block-heading\">Fr\u00e1grei\u00f0ing um kommunalu roknskapirnar fyri 2025<\/h2>\n\n\n\n<p class=\"wp-block-paragraph\">Samb\u00e6rt kommunust\u00fdrisl\u00f3gini skulu kommunust\u00fdrini hava samtykt, og sent landsst\u00fdrinum\/landsst\u00fdrismanninum \u00ed f\u00edggjarm\u00e1lum, \u00e1rsroknskapin fyri undanfarna \u00e1r innan&nbsp;1. juni \u00e1ri\u00f0 eftir.&nbsp;Tiki\u00f0 ver\u00f0ur samanum heildargongdina hj\u00e1 kommununum \u00ed \u00e1rinum.&nbsp;<\/p>\n\n\n\n<p class=\"wp-block-paragraph\">\u00cd talvuni ni\u00f0anfyri s\u00e6st samantalt \u00farslit fyri kommunurnar fyri 2025:<\/p>\n\n\n\n<figure class=\"wp-block-image is-resized\"><img decoding=\"async\" src=\"https:\/\/landsstyri.cdn.fo\/savn\/ghvdb2gv\/picture-1.png?rmode=max&amp;width=1064&amp;height=298&amp;bgcolor=fff&amp;format=jpg&amp;s=dELUhArN99Bo93fWBqVaZ3d1Fj8\" alt=\"\u00c1rsroknskapur 2024 og 2025\" style=\"aspect-ratio:3.5704697986577183;width:1064px;height:auto\"\/><\/figure>\n\n\n\n<p class=\"wp-block-paragraph\"><br>Til samanberingar v\u00edsir talvan eisini samantald roknskapart\u00f8l fyri 2024 og f\u00edggjar\u00e6tlanart\u00f8l fyri 2026<sup>1<\/sup>&nbsp;umframt prosentbroytingar \u00ed mun til \u00e1ri\u00f0 frammanundan.<\/p>\n\n\n\n<h3 class=\"wp-block-heading\"><br><strong>Rakstrar og l\u00f8guv\u00f8kstur<\/strong><\/h3>\n\n\n\n<p class=\"wp-block-paragraph\">Samanlagt h\u00f8vdu kommunurnar hall \u00e1 40,4 mi\u00f3. kr. \u00ed 2025. Hetta er ein betran \u00e1 307,4 mi\u00f3. kr. \u00ed mun til halli\u00f0 \u00e1 347,8 mi\u00f3. kr. \u00ed 2024. Broytingin kemur av l\u00e6kking \u00ed l\u00f8gum \u00e1 214,3 mi\u00f3. kr. og h\u00e6kking \u00ed skatti \u00e1 220,9 mi\u00f3. kr. Hinvegin h\u00e6kka \u00fatrei\u00f0slurnar til rakstur vi\u00f0 \u00e1lei\u00f0 117 mi\u00f3. kr., og rentu\u00fatrei\u00f0slurnar h\u00e6kka vi\u00f0 10,9 mi\u00f3. kr.&nbsp;<\/p>\n\n\n\n<h3 class=\"wp-block-heading\"><br><strong>Innt\u00f8kur og \u00fatrei\u00f0slur st\u00f8rri\/minni ella \u00e6tla\u00f0<\/strong><\/h3>\n\n\n\n<p class=\"wp-block-paragraph\">\u00cd f\u00edggjar\u00e6tlanunum fyri 2025<sup>2<\/sup>&nbsp;var\u00f0 upprunaliga rokna\u00f0 vi\u00f0 169,9 mi\u00f3. kr. \u00ed halli. Hetta merkir at h\u00f3ast hall, er \u00farsliti\u00f0 129,5 mi\u00f3. kr. betri enn \u00e6tla\u00f0. Ors\u00f8kin til hetta er, at samla\u00f0u innt\u00f8kurnar av skatti v\u00f3ru g\u00f3\u00f0ar 256,7 mi\u00f3. kr. h\u00e6gri, enn upprunaliga v\u00e6nta\u00f0. Hinvegin v\u00f3ru b\u00e6\u00f0i rakstrar og l\u00f8gu\u00fatrei\u00f0slurnar h\u00e6gri enn upprunaliga \u00e6tla\u00f0, me\u00f0an rentu\u00fatrei\u00f0slurnar v\u00f3ru um 3 mi\u00f3. kr. minni enn upprunaliga mett.<\/p>\n\n\n\n<h3 class=\"wp-block-heading\"><br><strong>B\u00faskettera\u00f0 er vi\u00f0 halli fyri 2026<\/strong><\/h3>\n\n\n\n<p class=\"wp-block-paragraph\">Ein samanteljing av f\u00edggjar\u00e6tlanunum fyri 2026 v\u00edsir, at rokna\u00f0 ver\u00f0ur vi\u00f0 einum halli \u00e1 179,7 mi\u00f3. kr.. Hetta merkir at kommunurnar samanlagt rokna vi\u00f0 einum \u00farsliti fyri 2026, i\u00f0 er g\u00f3\u00f0ar 139 mi\u00f3. kr. lakari enn sta\u00f0festa halli\u00f0 fyri 2025. Umframt \u00f8ktar rakstrar\u00fatrei\u00f0slur \u00e1 121,1 mi\u00f3. kr., og \u00f8ktar l\u00f8gu\u00fatrei\u00f0slur \u00e1 um 6 mi\u00f3.kr. er ors\u00f8kin, at kommunurnar buskettera vi\u00f0 h\u00e6gri rentu\u00fatrei\u00f0slum \u00e1 7,4 mi\u00f3. kr. og eitt vet l\u00e6gri innt\u00f8kum fr\u00e1 skatti, 4,5 mi\u00f3. kr. minni, enn skattainnt\u00f8kurnar \u00ed 2025.&nbsp;<br><\/p>\n\n\n\n<h3 class=\"wp-block-heading\"><strong>Nettoskuldin hj\u00e1 kommununum er minni enn mest loyvda skuld.<sup>3<\/sup><\/strong><\/h3>\n\n\n\n<p class=\"wp-block-paragraph\">Talvan ni\u00f0anfyri v\u00edsir n\u00f8kur h\u00f8vu\u00f0st\u00f8l fr\u00e1 roknskapinum fyri 2025. Eingin kommuna er omanfyri markinum fyri mest loyvda skuld, skuldarloftinum. Runav\u00edkar kommuna er vi\u00f0 \u00e1rslok 2025 uppi \u00e1 93 prosentum, og Klaksv\u00edkar kommuna 87 prosentum. Skopunar-, Eystur-, Sands- og Fuglafjar\u00f0ar kommuna eru omanfyri einari helvt av skuldarloftinum. Hinar kommunurnar liggja allar undir einari helvt, harav nakrar kommunur onga nettoskuld hava 31. desember 2025.&nbsp;&nbsp;<\/p>\n\n\n\n<p class=\"wp-block-paragraph\">Samanumtiki\u00f0 er f\u00edggjarliga r\u00e1sar\u00fami\u00f0 hj\u00e1 kommunum tilsamans um 2,4 mia. kr.&nbsp;<\/p>\n\n\n\n<h3 class=\"wp-block-heading\">&nbsp;<\/h3>\n\n\n\n<figure class=\"wp-block-image is-resized\"><img decoding=\"async\" src=\"https:\/\/landsstyri.cdn.fo\/savn\/5jkkyfxt\/picture-2.png?rmode=max&amp;width=957&amp;height=581&amp;bgcolor=fff&amp;format=jpg&amp;s=RD9e-SNkl-opB10ynjnysuG9YRg\" alt=\"\" style=\"aspect-ratio:1.6471600688468158;width:957px;height:auto\"\/><\/figure>\n\n\n\n<p class=\"wp-block-paragraph\">F\u00edggjarm\u00e1lar\u00e1\u00f0i\u00f0<\/p>\n","protected":false},"excerpt":{"rendered":"<p>&nbsp;&nbsp;&nbsp;&nbsp; Samb\u00e6rt kommunust\u00fdrisl\u00f3gini skulu kommunust\u00fdrini hava samtykt, og sent landsst\u00fdrinum\/landsst\u00fdrismanninum \u00ed f\u00edggjarm\u00e1lum, \u00e1rsroknskapin fyri undanfarna \u00e1r innan 1. juni \u00e1ri\u00f0 eftir. \u00cd hesum sambandi hevur F\u00edggjarm\u00e1lar\u00e1\u00f0i\u00f0 tiki\u00f0 samanum heildargongdina hj\u00e1&hellip;<\/p>\n","protected":false},"author":1,"featured_media":3189,"comment_status":"open","ping_status":"open","sticky":false,"template":"","format":"standard","meta":{"content-type":"","_lmt_disableupdate":"","_lmt_disable":"","footnotes":""},"categories":[131],"tags":[],"class_list":["post-13855","post","type-post","status-publish","format-standard","has-post-thumbnail","hentry","category-folk-og-samfelag"],"_links":{"self":[{"href":"https:\/\/24fo.news\/index.php\/wp-json\/wp\/v2\/posts\/13855","targetHints":{"allow":["GET"]}}],"collection":[{"href":"https:\/\/24fo.news\/index.php\/wp-json\/wp\/v2\/posts"}],"about":[{"href":"https:\/\/24fo.news\/index.php\/wp-json\/wp\/v2\/types\/post"}],"author":[{"embeddable":true,"href":"https:\/\/24fo.news\/index.php\/wp-json\/wp\/v2\/users\/1"}],"replies":[{"embeddable":true,"href":"https:\/\/24fo.news\/index.php\/wp-json\/wp\/v2\/comments?post=13855"}],"version-history":[{"count":1,"href":"https:\/\/24fo.news\/index.php\/wp-json\/wp\/v2\/posts\/13855\/revisions"}],"predecessor-version":[{"id":13856,"href":"https:\/\/24fo.news\/index.php\/wp-json\/wp\/v2\/posts\/13855\/revisions\/13856"}],"wp:featuredmedia":[{"embeddable":true,"href":"https:\/\/24fo.news\/index.php\/wp-json\/wp\/v2\/media\/3189"}],"wp:attachment":[{"href":"https:\/\/24fo.news\/index.php\/wp-json\/wp\/v2\/media?parent=13855"}],"wp:term":[{"taxonomy":"category","embeddable":true,"href":"https:\/\/24fo.news\/index.php\/wp-json\/wp\/v2\/categories?post=13855"},{"taxonomy":"post_tag","embeddable":true,"href":"https:\/\/24fo.news\/index.php\/wp-json\/wp\/v2\/tags?post=13855"}],"curies":[{"name":"wp","href":"https:\/\/api.w.org\/{rel}","templated":true}]}}