{"id":13857,"date":"2026-08-31T11:18:44","date_gmt":"2026-08-31T11:18:44","guid":{"rendered":"https:\/\/24fo.news\/?p=13857"},"modified":"2026-08-31T11:18:45","modified_gmt":"2026-08-31T11:18:45","slug":"voern-og-danska-verjan-samstarva-i-sambandi-vid-ikomnu-stoeduna-vidvikjandi-vaktarskipunum","status":"publish","type":"post","link":"https:\/\/24fo.news\/index.php\/2026\/08\/31\/voern-og-danska-verjan-samstarva-i-sambandi-vid-ikomnu-stoeduna-vidvikjandi-vaktarskipunum\/","title":{"rendered":"V\u00f8rn og danska verjan samstarva \u00ed sambandi vi\u00f0 \u00edkomnu st\u00f8\u00f0una vi\u00f0v\u00edkjandi vaktarskipunum"},"content":{"rendered":"\n<h2 class=\"wp-block-heading\"><a href=\"https:\/\/www.facebook.com\/sharer\/sharer.php?u=https%3A%2F%2Fwww.ufmr.fo%2Ffo%2Fkunning%2Ftidindi%2Fvoern-og-danska-verjan-samstarva-i-sambandi-vid-ikomnu-stoeduna-vidvikjandi-vaktarskipunum&amp;t=V%C3%B8rn+og+danska+verjan+samstarva+%C3%AD+sambandi+vi%C3%B0+%C3%ADkomnu+st%C3%B8%C3%B0una+vi%C3%B0v%C3%ADkjandi+vaktarskipunum\" target=\"_blank\" rel=\"noopener\"><\/a>B\u00e1r\u00f0ur \u00e1 Steig Nielsen, landsst\u00fdrisma\u00f0ur \u00ed uttanr\u00edkis- og fiskivinnum\u00e1lum, tosa\u00f0i seinnapartin \u00ed gj\u00e1r vi\u00f0 danska verjum\u00e1lar\u00e1\u00f0harran, Jeppe Bruus. Teir umr\u00f8ddu millum anna\u00f0 st\u00f8\u00f0una, n\u00fa b\u00e6\u00f0i f\u00f8roysku vaktarskipini, Brimil og Tjaldri\u00f0, liggja.<br>\u00a0\u00a0<a href=\"https:\/\/twitter.com\/share?url=https%3A%2F%2Fwww.ufmr.fo%2Ffo%2Fkunning%2Ftidindi%2Fvoern-og-danska-verjan-samstarva-i-sambandi-vid-ikomnu-stoeduna-vidvikjandi-vaktarskipunum&amp;text=V%C3%B8rn+og+danska+verjan+samstarva+%C3%AD+sambandi+vi%C3%B0+%C3%ADkomnu+st%C3%B8%C3%B0una+vi%C3%B0v%C3%ADkjandi+vaktarskipunum\" target=\"_blank\" rel=\"noopener\"><\/a>\u00a0<a href=\"http:\/\/www.linkedin.com\/shareArticle?mini=true&amp;url=https%3A%2F%2Fwww.ufmr.fo%2Ffo%2Fkunning%2Ftidindi%2Fvoern-og-danska-verjan-samstarva-i-sambandi-vid-ikomnu-stoeduna-vidvikjandi-vaktarskipunum&amp;title=V%C3%B8rn+og+danska+verjan+samstarva+%C3%AD+sambandi+vi%C3%B0+%C3%ADkomnu+st%C3%B8%C3%B0una+vi%C3%B0v%C3%ADkjandi+vaktarskipunum\" target=\"_blank\" rel=\"noopener\"><\/a>\u00a0<a href=\"mailto: ?subject=V%C3%B8rn%20og%20danska%20verjan%20samstarva%20%C3%AD%20sambandi%20vi%C3%B0%20%C3%ADkomnu%20st%C3%B8%C3%B0una%20vi%C3%B0v%C3%ADkjandi%20vaktarskipunum&amp;body=https%3A%2F%2Fwww.ufmr.fo%2Ffo%2Fkunning%2Ftidindi%2Fvoern-og-danska-verjan-samstarva-i-sambandi-vid-ikomnu-stoeduna-vidvikjandi-vaktarskipunum\"><\/a>\u00a0<a href=\"javascript:window.print()\"><\/a><\/h2>\n\n\n\n<p class=\"wp-block-paragraph\"><br>Eitt danskt sj\u00f3verjuskip er \u00ed f\u00f8royskum sj\u00f3gvi \u00ed l\u00f8tuni og er t\u00f8kt at r\u00f8kja uppg\u00e1vurnar fyri V\u00f8rn. T\u00e1 i\u00f0 Tjaldri\u00f0 fekk maskintrupulleikar, setti V\u00f8rn seg beinanvegin \u00ed samband vi\u00f0 donsku verjuna um st\u00f8\u00f0una, og n\u00fa er avtala gj\u00f8rd um, at hetta stendur vi\u00f0, til Brimil ella Tjaldri\u00f0 aftur er kl\u00e1rt at seta \u00ed sigling.<\/p>\n\n\n\n<p class=\"wp-block-paragraph\">Vit hava eitt gott og v\u00e6l roynt samstarv vi\u00f0 donsku sj\u00f3verjuna, sum einafer\u00f0 enn v\u00edsir s\u00edtt vir\u00f0i. Ta\u00f0 hevur t\u00fddning at hava t\u00e6tt samband og at kunna hj\u00e1lpa hv\u00f8rjum \u00f8\u00f0rum, t\u00e1 i\u00f0 \u00e1 stendur&#8221;, sigur B\u00e1r\u00f0ur \u00e1 Steig Nielsen.<\/p>\n\n\n\n<p class=\"wp-block-paragraph\">V\u00f8rn og danska verjan halda fram at samskifta um st\u00f8\u00f0una og um m\u00f8guligan t\u00f8rv \u00e1 samstarvi um \u00edt\u00f8kiligar uppg\u00e1vur.<\/p>\n","protected":false},"excerpt":{"rendered":"<p>B\u00e1r\u00f0ur \u00e1 Steig Nielsen, landsst\u00fdrisma\u00f0ur \u00ed uttanr\u00edkis- og fiskivinnum\u00e1lum, tosa\u00f0i seinnapartin \u00ed gj\u00e1r vi\u00f0 danska verjum\u00e1lar\u00e1\u00f0harran, Jeppe Bruus. Teir umr\u00f8ddu millum anna\u00f0 st\u00f8\u00f0una, n\u00fa b\u00e6\u00f0i f\u00f8roysku vaktarskipini, Brimil og Tjaldri\u00f0,&hellip;<\/p>\n","protected":false},"author":1,"featured_media":13858,"comment_status":"open","ping_status":"open","sticky":false,"template":"","format":"standard","meta":{"content-type":"","_lmt_disableupdate":"","_lmt_disable":"","footnotes":""},"categories":[113,7],"tags":[],"class_list":["post-13857","post","type-post","status-publish","format-standard","has-post-thumbnail","hentry","category-fiskivinnan-og-alivinnan","category-vinnutidindir-samfelga-24-fo"],"_links":{"self":[{"href":"https:\/\/24fo.news\/index.php\/wp-json\/wp\/v2\/posts\/13857","targetHints":{"allow":["GET"]}}],"collection":[{"href":"https:\/\/24fo.news\/index.php\/wp-json\/wp\/v2\/posts"}],"about":[{"href":"https:\/\/24fo.news\/index.php\/wp-json\/wp\/v2\/types\/post"}],"author":[{"embeddable":true,"href":"https:\/\/24fo.news\/index.php\/wp-json\/wp\/v2\/users\/1"}],"replies":[{"embeddable":true,"href":"https:\/\/24fo.news\/index.php\/wp-json\/wp\/v2\/comments?post=13857"}],"version-history":[{"count":1,"href":"https:\/\/24fo.news\/index.php\/wp-json\/wp\/v2\/posts\/13857\/revisions"}],"predecessor-version":[{"id":13859,"href":"https:\/\/24fo.news\/index.php\/wp-json\/wp\/v2\/posts\/13857\/revisions\/13859"}],"wp:featuredmedia":[{"embeddable":true,"href":"https:\/\/24fo.news\/index.php\/wp-json\/wp\/v2\/media\/13858"}],"wp:attachment":[{"href":"https:\/\/24fo.news\/index.php\/wp-json\/wp\/v2\/media?parent=13857"}],"wp:term":[{"taxonomy":"category","embeddable":true,"href":"https:\/\/24fo.news\/index.php\/wp-json\/wp\/v2\/categories?post=13857"},{"taxonomy":"post_tag","embeddable":true,"href":"https:\/\/24fo.news\/index.php\/wp-json\/wp\/v2\/tags?post=13857"}],"curies":[{"name":"wp","href":"https:\/\/api.w.org\/{rel}","templated":true}]}}