{"id":13861,"date":"2026-09-05T08:36:59","date_gmt":"2026-09-05T08:36:59","guid":{"rendered":"https:\/\/24fo.news\/?p=13861"},"modified":"2026-09-05T08:37:00","modified_gmt":"2026-09-05T08:37:00","slug":"landsstyrismadurin-a-fundum-i-brussel","status":"publish","type":"post","link":"https:\/\/24fo.news\/index.php\/2026\/09\/05\/landsstyrismadurin-a-fundum-i-brussel\/","title":{"rendered":"Landsst\u00fdrisma\u00f0urin \u00e1 fundum \u00ed Br\u00fassel"},"content":{"rendered":"\n<h2 class=\"wp-block-heading\">B\u00e1r\u00f0ur \u00e1 Steig Nielsen, landsst\u00fdrisma\u00f0ur \u00ed uttanr\u00edkis- og fiskivinnum\u00e1lum, hevur \u00ed hesum d\u00f8gum veri\u00f0 \u00ed Br\u00fassel, har hann hevur luttiki\u00f0 \u00e1 ES-r\u00e1\u00f0stevnu um Arktis. \u00cd hesum sambandi hevur hann hitt umbo\u00f0 fyri ES-nevndina og ES-tingi\u00f0 fyri at umr\u00f8\u00f0a yvirskipa\u00f0a samstarvi\u00f0 vi\u00f0 ES og m\u00e1l, sum hava t\u00fddning fyri F\u00f8royar.<\/h2>\n\n\n\n<p class=\"wp-block-paragraph\">Millum tey, sum landsst\u00fdrisma\u00f0urin hevur hitt, eru Jozef S\u00edkela, ES-nevndarlimur fyri altj\u00f3\u00f0a samst\u00f8rv, Bernd Biervert, kabinettstj\u00f3ri hj\u00e1 ES-nevndarliminum \u00ed handilsm\u00e1lum, og David McAllister, forma\u00f0ur \u00ed uttanr\u00edkispolitisku nevndini \u00ed ES-tinginum.<\/p>\n\n\n\n<p class=\"wp-block-paragraph\">\u00c1 skr\u00e1nni v\u00f3ru millum anna\u00f0 vi\u00f0urskiftini millum F\u00f8royar og ES, m\u00f8guleikar fyri at v\u00ed\u00f0ka samstarvi\u00f0 og handilsvi\u00f0urskifti.<\/p>\n\n\n\n<p class=\"wp-block-paragraph\">\u00cd Br\u00fassel hitti B\u00e1r\u00f0ur \u00e1 Steig Nielsen eisini gr\u00f8nlendska uttanr\u00edkisr\u00e1\u00f0harran, M\u00fate B. Egede. Teir umr\u00f8ddu millum anna\u00f0 felags \u00e1hugam\u00e1l hj\u00e1 F\u00f8royum og Gr\u00f8nlandi, og m\u00f8guleikar fyri \u00f8ktum samstarvi.<\/p>\n\n\n\n<p class=\"wp-block-paragraph\">www.ufmr.fo<\/p>\n","protected":false},"excerpt":{"rendered":"<p>B\u00e1r\u00f0ur \u00e1 Steig Nielsen, landsst\u00fdrisma\u00f0ur \u00ed uttanr\u00edkis- og fiskivinnum\u00e1lum, hevur \u00ed hesum d\u00f8gum veri\u00f0 \u00ed Br\u00fassel, har hann hevur luttiki\u00f0 \u00e1 ES-r\u00e1\u00f0stevnu um Arktis. \u00cd hesum sambandi hevur hann hitt&hellip;<\/p>\n","protected":false},"author":1,"featured_media":13862,"comment_status":"open","ping_status":"open","sticky":false,"template":"","format":"standard","meta":{"content-type":"","_lmt_disableupdate":"","_lmt_disable":"","footnotes":""},"categories":[131,110],"tags":[],"class_list":["post-13861","post","type-post","status-publish","format-standard","has-post-thumbnail","hentry","category-folk-og-samfelag","category-politikkur"],"_links":{"self":[{"href":"https:\/\/24fo.news\/index.php\/wp-json\/wp\/v2\/posts\/13861","targetHints":{"allow":["GET"]}}],"collection":[{"href":"https:\/\/24fo.news\/index.php\/wp-json\/wp\/v2\/posts"}],"about":[{"href":"https:\/\/24fo.news\/index.php\/wp-json\/wp\/v2\/types\/post"}],"author":[{"embeddable":true,"href":"https:\/\/24fo.news\/index.php\/wp-json\/wp\/v2\/users\/1"}],"replies":[{"embeddable":true,"href":"https:\/\/24fo.news\/index.php\/wp-json\/wp\/v2\/comments?post=13861"}],"version-history":[{"count":1,"href":"https:\/\/24fo.news\/index.php\/wp-json\/wp\/v2\/posts\/13861\/revisions"}],"predecessor-version":[{"id":13863,"href":"https:\/\/24fo.news\/index.php\/wp-json\/wp\/v2\/posts\/13861\/revisions\/13863"}],"wp:featuredmedia":[{"embeddable":true,"href":"https:\/\/24fo.news\/index.php\/wp-json\/wp\/v2\/media\/13862"}],"wp:attachment":[{"href":"https:\/\/24fo.news\/index.php\/wp-json\/wp\/v2\/media?parent=13861"}],"wp:term":[{"taxonomy":"category","embeddable":true,"href":"https:\/\/24fo.news\/index.php\/wp-json\/wp\/v2\/categories?post=13861"},{"taxonomy":"post_tag","embeddable":true,"href":"https:\/\/24fo.news\/index.php\/wp-json\/wp\/v2\/tags?post=13861"}],"curies":[{"name":"wp","href":"https:\/\/api.w.org\/{rel}","templated":true}]}}