{"id":13864,"date":"2026-09-05T08:46:28","date_gmt":"2026-09-05T08:46:28","guid":{"rendered":"https:\/\/24fo.news\/?p=13864"},"modified":"2026-09-05T08:46:28","modified_gmt":"2026-09-05T08:46:28","slug":"ahugin-at-seta-bugv-i-sunda-kommunu-er-storur","status":"publish","type":"post","link":"https:\/\/24fo.news\/index.php\/2026\/09\/05\/ahugin-at-seta-bugv-i-sunda-kommunu-er-storur\/","title":{"rendered":"\u00c1hugin at seta b\u00fagv \u00ed Sunda kommunu er st\u00f3rur"},"content":{"rendered":"\n<h2 class=\"wp-block-heading\">Hetta skrivar borgarstj\u00f3rin \u00ed Sunda kommunu Ey\u00f0stein Zachariasen \u00e1 heimas\u00ed\u00f0uni hj\u00e1 kommununi. Innt\u00f8kurnar hj\u00e1 kommununi eru \u00ed v\u00f8kstri og \u00e1hugin at seta b\u00fagv \u00ed kommununi er st\u00f3rur<\/h2>\n\n\n\n<p class=\"wp-block-paragraph\">Lyklat\u00f8l sta\u00f0festa, at \u00e1hugin at seta b\u00fagv \u00ed Sunda kommunu \u00ed l\u00f8tuni er sera st\u00f3rur, og ta\u00f0 gongur v\u00e6l \u00ed kommununi. Hetta ver\u00f0ur sta\u00f0fest vi\u00f0 f\u00f3lkatalinum, s\u00f8luni av grundstykkjum og skattainnt\u00f8kunum higartil \u00ed \u00e1r.<\/p>\n\n\n\n<figure class=\"wp-block-image size-full\"><img fetchpriority=\"high\" decoding=\"async\" width=\"815\" height=\"400\" src=\"https:\/\/24fo.news\/wp-content\/uploads\/2026\/09\/sunda-fo-natturu-mynd.jpg\" alt=\"\" class=\"wp-image-13866\" srcset=\"https:\/\/24fo.news\/wp-content\/uploads\/2026\/09\/sunda-fo-natturu-mynd.jpg 815w, https:\/\/24fo.news\/wp-content\/uploads\/2026\/09\/sunda-fo-natturu-mynd-300x147.jpg 300w, https:\/\/24fo.news\/wp-content\/uploads\/2026\/09\/sunda-fo-natturu-mynd-768x377.jpg 768w, https:\/\/24fo.news\/wp-content\/uploads\/2026\/09\/sunda-fo-natturu-mynd-585x287.jpg 585w\" sizes=\"(max-width: 815px) 100vw, 815px\" \/><\/figure>\n\n\n\n<p class=\"wp-block-paragraph\"><strong>St\u00f3rur \u00e1hugi at seta b\u00fagv \u00ed Sunda kommunu:<\/strong><br><br>\u00cd 2025 seldi kommunan bert 2 grundstykkir. \u00cd desembur 2025 samtykti b\u00fdr\u00e1\u00f0i\u00f0 at l\u00e6kka kostna\u00f0in \u00e1 grundstykkjum, og hetta v\u00edsti seg at ver\u00f0a ein r\u00f8tt avger\u00f0, t\u00ed higartil \u00ed 2026 hevur Sunda kommuna selt 25 grundstykkir.<\/p>\n\n\n\n<p class=\"wp-block-paragraph\">Fr\u00edggjadagin \u00ed farnu viku reisti Sp\/f Bogi Hermansen 5 ra\u00f0h\u00fas \u00ed Streymnesi, og ymiskar a\u00f0rar byggiverk\u00e6tlanir av ra\u00f0h\u00fasum eru eisini \u00ed stoypiskei\u00f0ini komandi t\u00ed\u00f0ina. Hetta letur eisini dyrnar upp fyri alternativum b\u00fasta\u00f0arm\u00f8guleikum \u00ed Sunda kommunu.<br><br><strong>F\u00f3lkatali\u00f0 vaksi\u00f0 n\u00f3gv seinasta \u00e1ri\u00f0:<\/strong><br><br>S\u00ed\u00f0ani kommunurnar \u00ed Sundalagnum blivu til eina kommunu \u00ed 2005, hevur samanlagda Sunda kommuna havt st\u00f8\u00f0ugan f\u00f3lkav\u00f8kstur at kalla \u00f8ll \u00e1rini. \u00c1rini aftan\u00e1 Eysturoyartunnilin lat upp, noyddist kommunan t\u00f3 at fyrihalda seg til ein n\u00fdggjan landafr\u00f8\u00f0iligan veruleika, hvat samfer\u00f0slukervinum vi\u00f0v\u00edkur. Hetta s\u00e1st eisini aftur \u00ed til og fr\u00e1flytingini n\u00f8kur \u00e1r aftan\u00e1.\u00a0<br><br>1. august 2023 var f\u00f3lkatali\u00f0 \u00ed Sunda kommunu ta\u00f0 h\u00e6gsta nakrant\u00ed\u00f0, t\u00e1 b\u00fa\u00f0u ta\u00f0 1.851 f\u00f3lk \u00ed kommununi. S\u00ed\u00f0ani f\u00f3r f\u00f3lkatali\u00f0 at minka, og 1. oktobur 2025 var f\u00f3lkatali\u00f0 heilt ni\u00f0ri \u00e1 1.774 borgarum. H\u00f3ast almennu t\u00f8lini hj\u00e1 hagstovuni bert v\u00edsa per 1. juli enn, t\u00e1 i\u00f0 ta\u00f0 b\u00fa\u00f0u 1.811 f\u00f3lk \u00ed kommununi, so kundi umsitingin \u00ed dag sta\u00f0festa, at ta\u00f0 per 1. septembur 2026 b\u00fa\u00f0u 1.831 f\u00f3lk \u00ed Sunda kommunu. Ein v\u00f8kstur \u00e1 57 f\u00f3lk, s\u00ed\u00f0ani 1. oktobur \u00ed fj\u00f8r, og harvi\u00f0 h\u00e6gsta f\u00f3lkatali\u00f0 \u00ed kommununi s\u00ed\u00f0ani \u00e1\u00f0ur nevnda meti\u00f0 \u00ed august 2023.\u00a0<br><br><strong>Innt\u00f8kurnar vaksa vi\u00f0:<br><br><\/strong>G\u00f3\u00f0a gongdin vi\u00f0 f\u00f3lkatalinum s\u00e6st eisini aftur \u00ed skattainnt\u00f8kunum hj\u00e1 kommununi. Fyri f\u00edggjar\u00e6tlanina 2026 var v\u00e6nta\u00f0a innt\u00f8kan fr\u00e1 pers\u00f3nsskatti sett \u00e1 88 mi\u00f3. kr\u00f3nur. Higartil \u00ed \u00e1r, fyri 8 m\u00e1na\u00f0ar, er innt\u00f8kan hj\u00e1 kommununi fr\u00e1 pers\u00f3nsskatti gott 62 mi\u00f3. kr\u00f3nur. Framrokna vit v\u00e6nta\u00f0u innt\u00f8kuna fyri 12 m\u00e1na\u00f0ar, so kann roknast vi\u00f0 einari innt\u00f8ku \u00e1 93 mi\u00f3. kr\u00f3nur \u00ed pers\u00f3nsskatti. Ta\u00f0 vil siga gott 5 mi\u00f3. meira enn v\u00e6nta\u00f0.\u00a0<br><br><strong>G\u00f3\u00f0a gongdin skal halda fram:<br><br><\/strong>At kommunan selur n\u00f3gv grundstykkir, hevur st\u00f3ra tilflyting og h\u00e6gri skattainnt\u00f8kur setur eisini kr\u00f8v til politisku ra\u00f0festingarnar komandi t\u00ed\u00f0ina. Baks\u00ed\u00f0an \u00e1 medaljuni \u00ed mets\u00f8lu av grundstykkjum er, at t\u00f8rvurin at \u00fatvega fleiri grundstykkir \u00ed kommununi er \u00e1tro\u00f0kandi. Kommunan er v\u00e6l fyri f\u00edggjarliga, hevur g\u00f3\u00f0ar sk\u00falar, stovnar og fr\u00edt\u00ed\u00f0ar- og ungd\u00f3mstilbo\u00f0, so lunnarnir undir at menna kommununa enn meira eru lagdir. N\u00f3gvar spennandi verk\u00e6tlanir eru \u00ed gongd \u00ed l\u00f8tuni, og ta\u00f0 er um dagarnar sera hugaligt at vera ein partur av b\u00fdr\u00e1\u00f0num og seta k\u00f3sina \u00ed Sundalagnum.<br><br>Ert t\u00fa eisini \u00e1huga\u00f0\/ur at seta b\u00fagv \u00ed Sunda kommunu? Set teg \u00ed samband vi\u00f0 umsitingina \u00e1\u00a0<a href=\"mailto:sunda@sunda.fo\">sunda@sunda.fo<\/a>, ella vi\u00f0 meklarafyrit\u00f8kuna Skyn \u00e1\u00a0<a href=\"mailto:skyn@skyn.fo\">skyn@skyn.fo<\/a>. T\u00f8k grundstykkir \u00ed Sunda kommunu s\u00edggjast eisini \u00e1 heimas\u00ed\u00f0uni\u00a0<a href=\"http:\/\/www.skyn.fo\/\" target=\"_blank\" rel=\"noopener\">www.skyn.fo<\/a>.<br><br>Kelda &amp; myndir: sunda.fo <br><\/p>\n\n\n\n<h1 class=\"wp-block-heading\"><a href=\"https:\/\/sunda.fo\/upload\/cache\/images\/8001-8200\/4af02c338a35dc780cbf819ebbd9510b741a51ce_w815_h400_fC_ha50_va50_afp1.jpg\"><\/a><\/h1>\n\n\n\n<p class=\"wp-block-paragraph\"><\/p>\n","protected":false},"excerpt":{"rendered":"<p>Hetta skrivar borgarstj\u00f3rin \u00ed Sunda kommunu Ey\u00f0stein Zachariasen \u00e1 heimas\u00ed\u00f0uni hj\u00e1 kommununi. Innt\u00f8kurnar hj\u00e1 kommununi eru \u00ed v\u00f8kstri og \u00e1hugin at seta b\u00fagv \u00ed kommununi er st\u00f3rur Lyklat\u00f8l sta\u00f0festa, at&hellip;<\/p>\n","protected":false},"author":1,"featured_media":13865,"comment_status":"open","ping_status":"open","sticky":false,"template":"","format":"standard","meta":{"content-type":"","_lmt_disableupdate":"","_lmt_disable":"","footnotes":""},"categories":[131],"tags":[],"class_list":["post-13864","post","type-post","status-publish","format-standard","has-post-thumbnail","hentry","category-folk-og-samfelag"],"_links":{"self":[{"href":"https:\/\/24fo.news\/index.php\/wp-json\/wp\/v2\/posts\/13864","targetHints":{"allow":["GET"]}}],"collection":[{"href":"https:\/\/24fo.news\/index.php\/wp-json\/wp\/v2\/posts"}],"about":[{"href":"https:\/\/24fo.news\/index.php\/wp-json\/wp\/v2\/types\/post"}],"author":[{"embeddable":true,"href":"https:\/\/24fo.news\/index.php\/wp-json\/wp\/v2\/users\/1"}],"replies":[{"embeddable":true,"href":"https:\/\/24fo.news\/index.php\/wp-json\/wp\/v2\/comments?post=13864"}],"version-history":[{"count":1,"href":"https:\/\/24fo.news\/index.php\/wp-json\/wp\/v2\/posts\/13864\/revisions"}],"predecessor-version":[{"id":13867,"href":"https:\/\/24fo.news\/index.php\/wp-json\/wp\/v2\/posts\/13864\/revisions\/13867"}],"wp:featuredmedia":[{"embeddable":true,"href":"https:\/\/24fo.news\/index.php\/wp-json\/wp\/v2\/media\/13865"}],"wp:attachment":[{"href":"https:\/\/24fo.news\/index.php\/wp-json\/wp\/v2\/media?parent=13864"}],"wp:term":[{"taxonomy":"category","embeddable":true,"href":"https:\/\/24fo.news\/index.php\/wp-json\/wp\/v2\/categories?post=13864"},{"taxonomy":"post_tag","embeddable":true,"href":"https:\/\/24fo.news\/index.php\/wp-json\/wp\/v2\/tags?post=13864"}],"curies":[{"name":"wp","href":"https:\/\/api.w.org\/{rel}","templated":true}]}}