{"id":13872,"date":"2026-09-05T11:15:55","date_gmt":"2026-09-05T11:15:55","guid":{"rendered":"https:\/\/24fo.news\/?p=13872"},"modified":"2026-09-05T11:15:55","modified_gmt":"2026-09-05T11:15:55","slug":"nivir-teg-skuldin","status":"publish","type":"post","link":"https:\/\/24fo.news\/index.php\/2026\/09\/05\/nivir-teg-skuldin\/","title":{"rendered":"N\u00edvir teg skuldin?"},"content":{"rendered":"\n<p class=\"wp-block-paragraph\"><\/p>\n\n\n\n<p class=\"wp-block-paragraph\">Ein mi\u00f0il varpar \u00ed dag upp\u00e1 sk\u00edggjan, at Runav\u00edkar kommuna vi\u00f0 \u00e1rslok 2025 hev\u00f0i eina nettoskuld \u00e1 278,8 milli\u00f3nir kr\u00f3nur, og at hon \u2013 skuldin \u2013 svarar til 93% av \u00e1setta skuldarloftinum. Harafturat ver\u00f0ur vi\u00f0 or\u00f0unum \u201dRunav\u00edk er sostatt bert sjey prosentstig fr\u00e1 hesum markinum\u201d l\u00edkasum r\u00f3\u00f0 framundir, at kommunan bert situr m\u00e1ttleys og b\u00ed\u00f0ar eftir at skallin skal bresta upp undir skuldarbj\u00e1lkan. Hetta skrivar borgarstj\u00f3rin \u00ed Runav\u00edkar kommunu \u00e1 heimas\u00ed\u00f0uni hj\u00e1 kommununi. <br>\u00a0<br>N\u00f3gv or\u00f0 eru skift um f\u00edggjarligt regluverk hesi seinastu \u00e1rini, og higartil er ta\u00f0 einasta av hesum slagnum regluverki\u00f0, sum \u00e1setir hvussu n\u00f3gva skuld i\u00f0 ein kommuna kann seta seg \u00ed. Higartil hevur ta\u00f0 rigga\u00f0 serstakliga v\u00e6l. N\u00e6rkast t\u00fa bj\u00e1lkanum, ja, so repar t\u00fa seglini, og gerst teg kl\u00e1ran til n\u00e6stu ney\u00f0ugu \u00edl\u00f8gurnar.<br>\u00a0<br>Raksturin heldur st\u00e1sinum vi\u00f0 l\u00edka \u2013 heldur kjarnut\u00e6nastunum \u00ed h\u00f3skiligum standi \u2013 me\u00f0an \u00edl\u00f8gurnar fremja ta veruligu menningina, t\u00ed r\u00e6\u00f0ur um at halda aftur vi\u00f0 rakstrinum, fyri at f\u00e1a sum mest av \u00edl\u00f8guf\u00e6i burtur \u00far eginf\u00edggingini, og eru ambiti\u00f3nirnar \u00e1 menningar\u00f8kinum st\u00f8rri enn hetta, kann t\u00ed\u00f0arm\u00e1ld hj\u00e1lp f\u00e1ast fr\u00e1 f\u00edggjarstovnum, sum eru settir \u00ed ver\u00f0ina til ta\u00f0 sama.<br>\u00a0<br>Ein r\u00f8\u00f0 av kostna\u00f0armiklum \u00edl\u00f8gum eru gj\u00f8rdar \u00ed Runav\u00edkar kommunu hesi seinastu \u00e1rini. \u00datstykkingar, Fj\u00f8ruvegur, keyp av gr\u00f3ti \u00far Sandoyartunlinum, havnarlag \u00ed S\u00f8ldarfir\u00f0i, st\u00f3rar \u00edl\u00f8gur \u00e1 \u00edtr\u00f3ttar\u00f8kinum og sm\u00e6rri \u00edl\u00f8gur \u00ed bygdunum og tey flestu hava ivaleyst hoyrt um n\u00fdggju svimjih\u00f8llina, sum er ein partur av Bylgjuni. Hon er goldin, og hevur veri\u00f0 \u00ed n\u00fdtslu \u00ed meiri enn eitt h\u00e1lvt \u00e1r.<br>\u00a0<br>Sj\u00e1ldan hevur ta\u00f0 veri\u00f0 meiri rokna\u00f0 innanveggja hj\u00e1 Runav\u00edkar kommunu, enn framundir avger\u00f0ina um at realisera meiri enn 60 \u00e1ra gamla dreymin um at f\u00e1a \u00f8kinum eina svimjih\u00f8ll. Tey, sum atkv\u00f8ddu fyri hesi verk\u00e6tlan, vistu neyvt, hvussu hetta kom at tyngja um skuldina hj\u00e1 kommununi, eisini t\u00e1i\u00f0 verk\u00e6tlanin rakti f\u00edggarst\u00f8\u00f0una har\u00f0ast, t\u00ed var hetta ein til\u00e6tla\u00f0ur v\u00f8kstur \u00ed skuldini \u2013 avger\u00f0in var tikin vi\u00f0 opnum eygum \u2013 og enn havi eg ikki hoyrt um nakra \u00f3n\u00f8gd, n\u00fa ta\u00f0 \u00e1 fyrsta sinni hevur bori\u00f0 til at svimja innandura \u00ed Runav\u00edkar kommunu yvirh\u00f8vur.<br>\u00a0<br>T\u00e1i\u00f0 vit l\u00f8gdu f\u00edggjar\u00e6tlanina fyri 2026, var m\u00e1li\u00f0 sj\u00e1lvandi at leggja meiri sj\u00f3gv \u00edmillum skuldarlofti\u00f0 og skuldina. So var gj\u00f8rt, og t\u00ed eru t\u00f8lini hj\u00e1 in.fo og Eiriki Lindenskov ikki serliga t\u00ed\u00f0arb\u00e6r.<br>\u00a0<br>\u00cd einari kommunu, har i\u00f0 st\u00f3rur v\u00f8kstur er \u00ed \u00f8llum segmentum, er st\u00f8\u00f0ugt tr\u00fdst \u00e1 at gera ney\u00f0ugar \u00edl\u00f8gur. Serliga \u00ed undirst\u00f8\u00f0uni, har sum allir borgarar einafer\u00f0 m\u00f8tast. Sk\u00falin er kanska t\u00fddningarmesti parturin av hesum, og \u00ed l\u00f8tuni fyrireikar Runav\u00edkar kommuna eina sk\u00falabygging \u00e1 Glyvrum, sum eisini fer at krevja meiri f\u00e6 enn ta\u00f0, sum f\u00e6st \u00far eginf\u00edggingini fr\u00e1 \u00e1ri til \u00e1r.<br>\u00a0<br>\u00cd mun til gomlu t\u00f8lini hj\u00e1 Mr. Lindenskov var st\u00f8\u00f0an pr. 31. juli \u00ed \u00e1r hon, at nettoskuldin var komin ni\u00f0ur \u00e1 271 mi\u00f3. kr., og harvi\u00f0 l\u00e1 kommunan 42 milli\u00f3nir undir \u00e1setta skuldarloftinum, og st\u00f8\u00f0an er bara batna\u00f0 s\u00ed\u00f0an, og t\u00e1i\u00f0 felagsskatturin ver\u00f0ur kr\u00f8ktur upp\u00ed h\u00f8pi\u00f0 um ein m\u00e1na\u00f0 er aftur ein n\u00fdggj og betri st\u00f8\u00f0a (ta upph\u00e6ddina kenna vit ikki enn.)<\/p>\n\n\n\n<figure class=\"wp-block-image\"><a href=\"https:\/\/runavik.fo\/upload\/tinymce\/7355484aa57e24213c4357d3e497a968a0ef1497.png\" data-rel=\"penci-gallery-image-content\" ><img decoding=\"async\" src=\"https:\/\/runavik.fo\/upload\/tinymce\/7355484aa57e24213c4357d3e497a968a0ef1497.png\" alt=\"\"\/><\/a><\/figure>\n\n\n\n<p class=\"wp-block-paragraph\"><strong><br>N\u00edvir teg skuldin?<\/strong><br>&nbsp;<br>Svari\u00f0 er nei. Tey, sum hesi \u00e1rini hava atkv\u00f8tt fyri gj\u00f8rdum verk\u00e6tlanum, kunnu vi\u00f0 opnari pannu standa inni fyri \u00f8llum, sum framt er. Ta\u00f0 l\u00e6ttasta er at standa \u00e1 einum trappusteini, vi\u00f0 ongari \u00e1byrgd, og r\u00f3pa \u00fat \u00ed oy\u00f0im\u00f8rkina um ov st\u00f3ra skuld. \u00c1hugaverdari er at vita, hvat i\u00f0 fekst burtur\u00far skuldini og \u00edl\u00f8gupuljuni \u00ed \u00e1rliga afturvendandi eginf\u00edggingini. Samb\u00e6rt f\u00edggjarlei\u00f0aranum hava vit seinastu 5 \u00e1rini gj\u00f8rt \u00edl\u00f8gur fyri:<br>&nbsp;<br>2021&nbsp; &nbsp; 68,4 mi\u00f3. kr.<br>2022&nbsp; &nbsp; 86,6 mio. kr.<br>2023&nbsp; 125,3 mi\u00f3. kr.<br>2024&nbsp; 145,4 mi\u00f3. kr.<br>2025&nbsp; 108,3 mi\u00f3. kr.<br>&nbsp;<br>V\u00e6l omanfyri eina h\u00e1lva milliard kr\u00f3nur. Og \u00ed l\u00f8tuni er skuldin 86,6% av loyvdari skuld \u00ed mun til ta\u00f0 av hinum almenna \u00e1setta skuldarlofti, &#8211; og r\u00e1ki\u00f0 liggur burtur fr\u00e1 loftinum heldur enn hinvegin \u00ed l\u00f8tuni.<\/p>\n\n\n\n<p class=\"wp-block-paragraph\"><em>T\u00f3rbj\u00f8rn Jacobsen, borgarstj\u00f3ri<\/em><\/p>\n\n\n\n<p class=\"has-text-align-right wp-block-paragraph\">Kelda &amp; mynd: runavik.fo 1 sep. 2026 <\/p>\n","protected":false},"excerpt":{"rendered":"<p>Ein mi\u00f0il varpar \u00ed dag upp\u00e1 sk\u00edggjan, at Runav\u00edkar kommuna vi\u00f0 \u00e1rslok 2025 hev\u00f0i eina nettoskuld \u00e1 278,8 milli\u00f3nir kr\u00f3nur, og at hon \u2013 skuldin \u2013 svarar til 93% av&hellip;<\/p>\n","protected":false},"author":1,"featured_media":13873,"comment_status":"open","ping_status":"open","sticky":false,"template":"","format":"standard","meta":{"content-type":"","_lmt_disableupdate":"","_lmt_disable":"","footnotes":""},"categories":[131],"tags":[],"class_list":["post-13872","post","type-post","status-publish","format-standard","has-post-thumbnail","hentry","category-folk-og-samfelag"],"_links":{"self":[{"href":"https:\/\/24fo.news\/index.php\/wp-json\/wp\/v2\/posts\/13872","targetHints":{"allow":["GET"]}}],"collection":[{"href":"https:\/\/24fo.news\/index.php\/wp-json\/wp\/v2\/posts"}],"about":[{"href":"https:\/\/24fo.news\/index.php\/wp-json\/wp\/v2\/types\/post"}],"author":[{"embeddable":true,"href":"https:\/\/24fo.news\/index.php\/wp-json\/wp\/v2\/users\/1"}],"replies":[{"embeddable":true,"href":"https:\/\/24fo.news\/index.php\/wp-json\/wp\/v2\/comments?post=13872"}],"version-history":[{"count":1,"href":"https:\/\/24fo.news\/index.php\/wp-json\/wp\/v2\/posts\/13872\/revisions"}],"predecessor-version":[{"id":13874,"href":"https:\/\/24fo.news\/index.php\/wp-json\/wp\/v2\/posts\/13872\/revisions\/13874"}],"wp:featuredmedia":[{"embeddable":true,"href":"https:\/\/24fo.news\/index.php\/wp-json\/wp\/v2\/media\/13873"}],"wp:attachment":[{"href":"https:\/\/24fo.news\/index.php\/wp-json\/wp\/v2\/media?parent=13872"}],"wp:term":[{"taxonomy":"category","embeddable":true,"href":"https:\/\/24fo.news\/index.php\/wp-json\/wp\/v2\/categories?post=13872"},{"taxonomy":"post_tag","embeddable":true,"href":"https:\/\/24fo.news\/index.php\/wp-json\/wp\/v2\/tags?post=13872"}],"curies":[{"name":"wp","href":"https:\/\/api.w.org\/{rel}","templated":true}]}}