{"id":13881,"date":"2026-09-05T11:28:35","date_gmt":"2026-09-05T11:28:35","guid":{"rendered":"https:\/\/24fo.news\/?p=13881"},"modified":"2026-09-05T11:28:35","modified_gmt":"2026-09-05T11:28:35","slug":"uttanrikis-og-fiskimalaradidministry-of-foreign-affairs-and-fisheries","status":"publish","type":"post","link":"https:\/\/24fo.news\/index.php\/2026\/09\/05\/uttanrikis-og-fiskimalaradidministry-of-foreign-affairs-and-fisheries\/","title":{"rendered":"Uttanr\u00edkis- og fiskim\u00e1lar\u00e1\u00f0i\u00f0Ministry of Foreign Affairs and Fisheries"},"content":{"rendered":"\n<p class=\"wp-block-paragraph\"><\/p>\n\n\n\n<p class=\"wp-block-paragraph\"><\/p>\n\n\n\n<h1 class=\"wp-block-heading\">Landsst\u00fdrisma\u00f0urin luttekur \u00e1 ES-r\u00e1\u00f0stevnu um Arktis \u00ed Br\u00fassel<\/h1>\n\n\n\n<h2 class=\"wp-block-heading\"><a href=\"https:\/\/www.facebook.com\/sharer\/sharer.php?u=https%3A%2F%2Fwww.ufmr.fo%2Ffo%2Fkunning%2Ftidindi%2Flandsstyrismadurin-luttekur-a-es-radstevnu-um-arktis-i-brussel&amp;t=Landsst%C3%BDrisma%C3%B0urin+luttekur+%C3%A1+ES-r%C3%A1%C3%B0stevnu+um+Arktis+%C3%AD+Br%C3%BAssel\" target=\"_blank\" rel=\"noopener\"><\/a>1 sept. lutt\u00f3k B\u00e1r\u00f0ur \u00e1 Steig Nielsen, landsst\u00fdrisma\u00f0ur \u00ed uttanr\u00edkis- og fiskivinnum\u00e1lum, \u00e1 r\u00e1\u00f0stevnuni, EU Arctic Forum and Indigenous Peoples\u2019 Dialogue, sum ver\u00f0ur hildin \u00ed Br\u00fassel \u00ed d\u00f8gunum 1.-3. september.\u00a0<\/h2>\n\n\n\n<p class=\"wp-block-paragraph\">R\u00e1\u00f0stevnan, sum ES-nevndin skipar fyri, savnar stj\u00f3rnarumbo\u00f0, granskarar og umbo\u00f0 fyri upprunaf\u00f3lk at vi\u00f0gera vi\u00f0urskifti \u00ed Arktis. \u00c1 skr\u00e1nni eru evni sum altj\u00f3\u00f0a samstarv, bur\u00f0ardygg og b\u00faskaparlig menning \u00ed Arktis, avbj\u00f3\u00f0ingar \u00ed sambandi vi\u00f0 ve\u00f0urlagsbroytingar, samstarv millum arktisk lond og \u00f8ki, umframt gransking, n\u00fdskapan og vitan um Arktis.<\/p>\n\n\n\n<p class=\"wp-block-paragraph\">Landsst\u00fdrisma\u00f0urin t\u00f3k lut \u00ed samr\u00f8\u00f0u \u00e1 palli vi\u00f0 a\u00f0alstj\u00f3ran \u00ed DG Mare, Charlina Vitcheva, \u00e1 tiltaki vi\u00f0 heitinum \u201cThe Arctic today\u201d. \u00cd samr\u00f8\u00f0uni leg\u00f0i landsst\u00fdrisma\u00f0urin dent \u00e1 t\u00fddningin av altj\u00f3\u00f0a samstarvi, v\u00edsindagrunda\u00f0um avger\u00f0um og einari skipan, sum byggir \u00e1 altj\u00f3\u00f0a l\u00f3g og reglur. Hann v\u00edsti eisini \u00e1 f\u00f8royska \u00edkasti\u00f0 til bur\u00f0ardygga umsiting av hav- og sj\u00f3tilfeingi, umframt t\u00fddningin av \u00f8ktum samstarvi um trygd og tilb\u00fagving \u00ed Arktis.<\/p>\n\n\n\n<p class=\"wp-block-paragraph\">\u00cd sambandi vi\u00f0 r\u00e1\u00f0stevnuna hev\u00f0i landsst\u00fdrisma\u00f0urin eisini fund vi\u00f0 ES-nevndarlimin \u00ed hav- og fiskivinnum\u00e1lum, Costas Kadis. \u00c1 fundinum umr\u00f8ddu teir samstarvi\u00f0 millum F\u00f8royar og ES.<\/p>\n\n\n\n<p class=\"wp-block-paragraph\">Meira kunning um r\u00e1\u00f0stevnuna f\u00e6st&nbsp;<a href=\"https:\/\/oceans-and-fisheries.ec.europa.eu\/events\/eu-arctic-forum-indigenous-peoples-dialogue-and-arctic-youth-dialogue-2026-09-01_en\">her<\/a>.&nbsp;<\/p>\n\n\n\n<p class=\"wp-block-paragraph\">Kelda &amp; mynd: Uttanr\u00edkis- og fiskim\u00e1lar\u00e1\u00f0i\u00f0  01.09.2026 <\/p>\n\n\n\n<p class=\"wp-block-paragraph\"><\/p>\n","protected":false},"excerpt":{"rendered":"<p>Landsst\u00fdrisma\u00f0urin luttekur \u00e1 ES-r\u00e1\u00f0stevnu um Arktis \u00ed Br\u00fassel 1 sept. lutt\u00f3k B\u00e1r\u00f0ur \u00e1 Steig Nielsen, landsst\u00fdrisma\u00f0ur \u00ed uttanr\u00edkis- og fiskivinnum\u00e1lum, \u00e1 r\u00e1\u00f0stevnuni, EU Arctic Forum and Indigenous Peoples\u2019 Dialogue, sum&hellip;<\/p>\n","protected":false},"author":1,"featured_media":13882,"comment_status":"open","ping_status":"open","sticky":false,"template":"","format":"standard","meta":{"content-type":"","_lmt_disableupdate":"","_lmt_disable":"","footnotes":""},"categories":[110],"tags":[],"class_list":["post-13881","post","type-post","status-publish","format-standard","has-post-thumbnail","hentry","category-politikkur"],"_links":{"self":[{"href":"https:\/\/24fo.news\/index.php\/wp-json\/wp\/v2\/posts\/13881","targetHints":{"allow":["GET"]}}],"collection":[{"href":"https:\/\/24fo.news\/index.php\/wp-json\/wp\/v2\/posts"}],"about":[{"href":"https:\/\/24fo.news\/index.php\/wp-json\/wp\/v2\/types\/post"}],"author":[{"embeddable":true,"href":"https:\/\/24fo.news\/index.php\/wp-json\/wp\/v2\/users\/1"}],"replies":[{"embeddable":true,"href":"https:\/\/24fo.news\/index.php\/wp-json\/wp\/v2\/comments?post=13881"}],"version-history":[{"count":1,"href":"https:\/\/24fo.news\/index.php\/wp-json\/wp\/v2\/posts\/13881\/revisions"}],"predecessor-version":[{"id":13883,"href":"https:\/\/24fo.news\/index.php\/wp-json\/wp\/v2\/posts\/13881\/revisions\/13883"}],"wp:featuredmedia":[{"embeddable":true,"href":"https:\/\/24fo.news\/index.php\/wp-json\/wp\/v2\/media\/13882"}],"wp:attachment":[{"href":"https:\/\/24fo.news\/index.php\/wp-json\/wp\/v2\/media?parent=13881"}],"wp:term":[{"taxonomy":"category","embeddable":true,"href":"https:\/\/24fo.news\/index.php\/wp-json\/wp\/v2\/categories?post=13881"},{"taxonomy":"post_tag","embeddable":true,"href":"https:\/\/24fo.news\/index.php\/wp-json\/wp\/v2\/tags?post=13881"}],"curies":[{"name":"wp","href":"https:\/\/api.w.org\/{rel}","templated":true}]}}